{"id":19,"date":"2019-07-05T18:54:31","date_gmt":"2019-07-05T17:54:31","guid":{"rendered":"http:\/\/vereintk.bildungsberatung.net\/?p=19"},"modified":"2020-09-21T11:10:25","modified_gmt":"2020-09-21T10:10:25","slug":"die-kulturstadt-hat-ein-stueck-ihrer-kultur-verloren-2","status":"publish","type":"post","link":"http:\/\/vereintk.bildungsberatung.net\/?p=19","title":{"rendered":"Die Kulturstadt hat ein St\u00fcck ihrer Kultur verloren"},"content":{"rendered":"\n<p>Mit diesem ersten Satz erfuhren wir soeben aus der <a href=\"https:\/\/www.thueringer-allgemeine.de\/regionen\/weimar\/weimar-nimmt-abschied-von-eberhard-neumeyer-id226324665.html\">TA<\/a>,\n dass der ehemalige Schulleiter des Th\u00fcringenkollegs im Alter von 83 \nJahren verstorben ist. Er war nicht nur Schulleiter sondern eben auch \nInitiator und Mitbegr\u00fcnder unseres Vereins und nach seiner Pensionierung\n vor 19 Jahren noch einige Zeit unser Vorstandsmitglied.  Die allgemeine\n W\u00fcrdigung wollen wir hier nicht wiederholen, aber die Bedeutung seines \nEngagements f\u00fcr das Th\u00fcringenkolleg wollen wir audr\u00fccklich hervorheben. \nNach z.T. turbulenten Vorjahren des Kollegs \u00fcbernahm er das Amt des \nSchulleiters am 15. August 1995.  Ein Jahr sp\u00e4ter war er Organisator der\n R\u00fcckkehr des Kollegs an seinen Gr\u00fcndungsort Weimar, zun\u00e4chst an den \nSteinbr\u00fcckenweg. Seinem Wirken verdankten wir Schulpartnerschaften nach \nKassel und sogar in die Schweiz und eine Kooperationsvereinbarung mit \nder Bauhausuniversit\u00e4t Weimar.  <br>Schlie\u00dflich bew\u00e4ltigte er mit seinem\n Kollegium auch den Umzug in das gegenw\u00e4rtige Geb\u00e4ude in der \nSchwanseestra\u00dfe, in dem das Kolleg 1991 gegr\u00fcndet worden war.<\/p>\n","protected":false},"excerpt":{"rendered":"<p>Mit diesem ersten Satz erfuhren wir soeben aus der TA, dass der ehemalige Schulleiter des Th\u00fcringenkollegs im Alter von 83 Jahren verstorben ist. Er war nicht nur Schulleiter sondern eben auch Initiator und Mitbegr\u00fcnder unseres Vereins und nach seiner Pensionierung vor 19 Jahren noch einige Zeit unser Vorstandsmitglied. Die allgemeine W\u00fcrdigung wollen wir hier nicht &hellip; <\/p>\n<p class=\"link-more\"><a href=\"http:\/\/vereintk.bildungsberatung.net\/?p=19\" class=\"more-link\"><span class=\"screen-reader-text\">\u201eDie Kulturstadt hat ein St\u00fcck ihrer Kultur verloren\u201c <\/span>weiterlesen<\/a><\/p>\n","protected":false},"author":1,"featured_media":0,"comment_status":"open","ping_status":"open","sticky":false,"template":"","format":"standard","meta":{"footnotes":""},"categories":[3],"tags":[],"class_list":["post-19","post","type-post","status-publish","format-standard","hentry","category-blog-beitrag"],"_links":{"self":[{"href":"http:\/\/vereintk.bildungsberatung.net\/index.php?rest_route=\/wp\/v2\/posts\/19","targetHints":{"allow":["GET"]}}],"collection":[{"href":"http:\/\/vereintk.bildungsberatung.net\/index.php?rest_route=\/wp\/v2\/posts"}],"about":[{"href":"http:\/\/vereintk.bildungsberatung.net\/index.php?rest_route=\/wp\/v2\/types\/post"}],"author":[{"embeddable":true,"href":"http:\/\/vereintk.bildungsberatung.net\/index.php?rest_route=\/wp\/v2\/users\/1"}],"replies":[{"embeddable":true,"href":"http:\/\/vereintk.bildungsberatung.net\/index.php?rest_route=%2Fwp%2Fv2%2Fcomments&post=19"}],"version-history":[{"count":2,"href":"http:\/\/vereintk.bildungsberatung.net\/index.php?rest_route=\/wp\/v2\/posts\/19\/revisions"}],"predecessor-version":[{"id":21,"href":"http:\/\/vereintk.bildungsberatung.net\/index.php?rest_route=\/wp\/v2\/posts\/19\/revisions\/21"}],"wp:attachment":[{"href":"http:\/\/vereintk.bildungsberatung.net\/index.php?rest_route=%2Fwp%2Fv2%2Fmedia&parent=19"}],"wp:term":[{"taxonomy":"category","embeddable":true,"href":"http:\/\/vereintk.bildungsberatung.net\/index.php?rest_route=%2Fwp%2Fv2%2Fcategories&post=19"},{"taxonomy":"post_tag","embeddable":true,"href":"http:\/\/vereintk.bildungsberatung.net\/index.php?rest_route=%2Fwp%2Fv2%2Ftags&post=19"}],"curies":[{"name":"wp","href":"https:\/\/api.w.org\/{rel}","templated":true}]}}